{"id":3389,"date":"2025-05-27T13:04:37","date_gmt":"2025-05-27T11:04:37","guid":{"rendered":"https:\/\/mmbengue.ecv-monsite.fr\/trocly1\/?p=3389"},"modified":"2025-05-27T13:12:35","modified_gmt":"2025-05-27T11:12:35","slug":"valoriser-ses-competences-dans-un-echange","status":"publish","type":"post","link":"https:\/\/mmbengue.ecv-monsite.fr\/trocly1\/2025\/05\/27\/valoriser-ses-competences-dans-un-echange\/","title":{"rendered":"Valoriser ses comp\u00e9tences dans un \u00e9change"},"content":{"rendered":"\n<p>Dans le <strong>troc de comp\u00e9tences digitales<\/strong>, votre succ\u00e8s d\u00e9pend largement de votre capacit\u00e9 \u00e0 identifier et valoriser vos expertises. Beaucoup sous-estiment leurs comp\u00e9tences et ratent des opportunit\u00e9s d&rsquo;<strong>\u00e9change de comp\u00e9tences<\/strong> int\u00e9ressantes.<\/p>\n\n\n\n<h4 class=\"wp-block-heading\">L&rsquo;auto-\u00e9valuation : premi\u00e8re \u00e9tape cruciale<\/h4>\n\n\n\n<p>Avant tout <strong>\u00e9change de comp\u00e9tences<\/strong>, dressez un inventaire honn\u00eate de vos capacit\u00e9s. Cette introspection doit couvrir plusieurs dimensions :<\/p>\n\n\n\n<p><strong>Comp\u00e9tences techniques<\/strong> :<\/p>\n\n\n\n<ul class=\"wp-block-list\">\n<li>Langages de programmation ma\u00eetris\u00e9s<\/li>\n\n\n\n<li>Outils et logiciels que vous utilisez quotidiennement<\/li>\n\n\n\n<li>Certifications obtenues<\/li>\n\n\n\n<li>Projets techniques r\u00e9alis\u00e9s<\/li>\n<\/ul>\n\n\n\n<p><strong>Comp\u00e9tences m\u00e9tier<\/strong> :<\/p>\n\n\n\n<ul class=\"wp-block-list\">\n<li>Secteurs d&rsquo;activit\u00e9 que vous connaissez<\/li>\n\n\n\n<li>Processus que vous ma\u00eetrisez<\/li>\n\n\n\n<li>R\u00e9glementations sp\u00e9cifiques<\/li>\n\n\n\n<li>Bonnes pratiques sectorielles<\/li>\n<\/ul>\n\n\n\n<p><strong>Soft skills<\/strong> :<\/p>\n\n\n\n<ul class=\"wp-block-list\">\n<li>Capacit\u00e9s de communication<\/li>\n\n\n\n<li>Leadership et management<\/li>\n\n\n\n<li>Cr\u00e9ativit\u00e9 et innovation<\/li>\n\n\n\n<li>R\u00e9solution de probl\u00e8mes<\/li>\n<\/ul>\n\n\n\n<h4 class=\"wp-block-heading\">Identifier ses comp\u00e9tences cach\u00e9es<\/h4>\n\n\n\n<p>Nombreux sont ceux qui poss\u00e8dent des <strong>comp\u00e9tences num\u00e9riques<\/strong> pr\u00e9cieuses sans s&rsquo;en rendre compte. Voici comment les d\u00e9tecter :<\/p>\n\n\n\n<p><strong>Analysez votre quotidien professionnel<\/strong> :<\/p>\n\n\n\n<ul class=\"wp-block-list\">\n<li>Quelles t\u00e2ches accomplissez-vous facilement alors que vos coll\u00e8gues peinent ?<\/li>\n\n\n\n<li>Vers quoi vos coll\u00e8gues se tournent-ils pour demander de l&rsquo;aide ?<\/li>\n\n\n\n<li>Quels compliments recevez-vous r\u00e9guli\u00e8rement sur votre travail ?<\/li>\n<\/ul>\n\n\n\n<p><strong>Explorez vos loisirs<\/strong> :<\/p>\n\n\n\n<ul class=\"wp-block-list\">\n<li>Blogs ou sites web que vous g\u00e9rez<\/li>\n\n\n\n<li>Comptes sociaux que vous animez<\/li>\n\n\n\n<li>Projets personnels de cr\u00e9ation<\/li>\n\n\n\n<li>Contributions \u00e0 des communaut\u00e9s en ligne<\/li>\n<\/ul>\n\n\n\n<p><strong>Revisitez votre parcours<\/strong> :<\/p>\n\n\n\n<ul class=\"wp-block-list\">\n<li>Formations suivies, m\u00eame anciennes<\/li>\n\n\n\n<li>Exp\u00e9riences vari\u00e9es qui vous ont donn\u00e9 une vision transverse<\/li>\n\n\n\n<li>D\u00e9fis relev\u00e9s et solutions trouv\u00e9es<\/li>\n<\/ul>\n\n\n\n<h4 class=\"wp-block-heading\">Pr\u00e9senter ses comp\u00e9tences de mani\u00e8re attractive<\/h4>\n\n\n\n<p>La pr\u00e9sentation de vos <strong>comp\u00e9tences digitales<\/strong> d\u00e9termine l&rsquo;int\u00e9r\u00eat que vous susciterez pour un <strong>troc de comp\u00e9tences<\/strong>. Adoptez ces bonnes pratiques :<\/p>\n\n\n\n<p><strong>Soyez concret et sp\u00e9cifique<\/strong> : \u274c \u00ab\u00a0Je ma\u00eetrise le marketing digital\u00a0\u00bb \u2705 \u00ab\u00a0J&rsquo;ai g\u00e9n\u00e9r\u00e9 +150% de trafic organique en 6 mois via SEO pour une startup SaaS\u00a0\u00bb<\/p>\n\n\n\n<p><strong>Quantifiez vos r\u00e9sultats<\/strong> :<\/p>\n\n\n\n<ul class=\"wp-block-list\">\n<li>Chiffres d&rsquo;affaires g\u00e9n\u00e9r\u00e9s<\/li>\n\n\n\n<li>Gains de temps ou d&rsquo;efficacit\u00e9<\/li>\n\n\n\n<li>Nombres d&rsquo;utilisateurs\/clients touch\u00e9s<\/li>\n\n\n\n<li>Taux d&rsquo;am\u00e9lioration obtenus<\/li>\n<\/ul>\n\n\n\n<p><strong>Contextualisez vos exp\u00e9riences<\/strong> :<\/p>\n\n\n\n<ul class=\"wp-block-list\">\n<li>Taille des \u00e9quipes manag\u00e9es<\/li>\n\n\n\n<li>Budget g\u00e9r\u00e9<\/li>\n\n\n\n<li>Contraintes surmont\u00e9es<\/li>\n\n\n\n<li>Secteur d&rsquo;activit\u00e9 et sp\u00e9cificit\u00e9s<\/li>\n<\/ul>\n\n\n\n<h4 class=\"wp-block-heading\">Cr\u00e9er un portfolio convaincant<\/h4>\n\n\n\n<p>Votre portfolio est votre meilleur atout pour l&rsquo;<strong>\u00e9change de comp\u00e9tences digitales<\/strong>. Il doit d\u00e9montrer concr\u00e8tement vos capacit\u00e9s :<\/p>\n\n\n\n<p><strong>Pour les d\u00e9veloppeurs<\/strong> :<\/p>\n\n\n\n<ul class=\"wp-block-list\">\n<li>Code source sur GitHub avec documentation<\/li>\n\n\n\n<li>Applications d\u00e9ploy\u00e9es et fonctionnelles<\/li>\n\n\n\n<li>Contributions \u00e0 des projets open source<\/li>\n\n\n\n<li>Certifications techniques r\u00e9centes<\/li>\n<\/ul>\n\n\n\n<p><strong>Pour les marketeurs<\/strong> :<\/p>\n\n\n\n<ul class=\"wp-block-list\">\n<li>Campagnes r\u00e9ussies avec m\u00e9triques \u00e0 l&rsquo;appui<\/li>\n\n\n\n<li>Contenus cr\u00e9\u00e9s (articles, vid\u00e9os, infographies)<\/li>\n\n\n\n<li>Croissance de communaut\u00e9s g\u00e9r\u00e9es<\/li>\n\n\n\n<li>ROI des actions men\u00e9es<\/li>\n<\/ul>\n\n\n\n<p><strong>Pour les designers<\/strong> :<\/p>\n\n\n\n<ul class=\"wp-block-list\">\n<li>\u00c9tudes de cas compl\u00e8tes (probl\u00e8me, processus, solution)<\/li>\n\n\n\n<li>Avant\/apr\u00e8s de vos interventions<\/li>\n\n\n\n<li>Testimonials clients<\/li>\n\n\n\n<li>Process cr\u00e9atif document\u00e9<\/li>\n<\/ul>\n\n\n\n<h4 class=\"wp-block-heading\">Adapter son discours selon l&rsquo;interlocuteur<\/h4>\n\n\n\n<p>Le m\u00eame expertise peut int\u00e9resser diff\u00e9rents profils pour des raisons vari\u00e9es. Adaptez votre pr\u00e9sentation :<\/p>\n\n\n\n<p><strong>Pour un entrepreneur<\/strong> : Mettez en avant l&rsquo;impact business et le ROI de vos <strong>comp\u00e9tences num\u00e9riques<\/strong><\/p>\n\n\n\n<p><strong>Pour un freelance<\/strong> : Insistez sur l&rsquo;autonomie et la polyvalence que vous apportez<\/p>\n\n\n\n<p><strong>Pour un salari\u00e9<\/strong> : Valorisez l&rsquo;aspect collaboration et mont\u00e9e en comp\u00e9tences mutuelle<\/p>\n\n\n\n<p><strong>Pour un \u00e9tudiant<\/strong> : Soulignez la dimension p\u00e9dagogique et le partage d&rsquo;exp\u00e9rience<\/p>\n\n\n\n<h4 class=\"wp-block-heading\">Les erreurs qui d\u00e9valorisent vos comp\u00e9tences<\/h4>\n\n\n\n<p>\u00c9vitez ces pi\u00e8ges courants dans la pr\u00e9sentation de vos expertises :<\/p>\n\n\n\n<p><strong>Le syndrome de l&rsquo;imposteur<\/strong> : Ne minimisez pas vos r\u00e9alisations. Si vous l&rsquo;avez fait, vous en \u00eates capable.<\/p>\n\n\n\n<p><strong>La sur-promesse<\/strong> : Restez honn\u00eate sur votre niveau. Un \u00e9change r\u00e9ussi repose sur la confiance.<\/p>\n\n\n\n<p><strong>L&rsquo;absence de preuves<\/strong> : Chaque affirmation doit \u00eatre \u00e9tay\u00e9e par des exemples concrets.<\/p>\n\n\n\n<p><strong>Le jargon technique excessif<\/strong> : Adaptez votre langage au niveau de votre interlocuteur.<\/p>\n\n\n\n<h4 class=\"wp-block-heading\">N\u00e9gocier un \u00e9change \u00e9quitable<\/h4>\n\n\n\n<p>La valorisation de vos <strong>comp\u00e9tences digitales<\/strong> doit aboutir \u00e0 un \u00e9change \u00e9quilibr\u00e9 :<\/p>\n\n\n\n<p><strong>\u00c9valuez le temps n\u00e9cessaire<\/strong> :<\/p>\n\n\n\n<ul class=\"wp-block-list\">\n<li>Temps de transmission de votre comp\u00e9tence<\/li>\n\n\n\n<li>Complexit\u00e9 du sujet \u00e0 enseigner<\/li>\n\n\n\n<li>Niveau de personalisation requis<\/li>\n<\/ul>\n\n\n\n<p><strong>Consid\u00e9rez la raret\u00e9<\/strong> : Plus votre comp\u00e9tence est rare et demand\u00e9e, plus sa valeur d&rsquo;\u00e9change est \u00e9lev\u00e9e.<\/p>\n\n\n\n<p><strong>Prenez en compte l&rsquo;exp\u00e9rience<\/strong> : Vos ann\u00e9es d&rsquo;exp\u00e9rience justifient une valorisation sup\u00e9rieure.<\/p>\n\n\n\n<h4 class=\"wp-block-heading\">Construire sa r\u00e9putation dans la communaut\u00e9<\/h4>\n\n\n\n<p>Pour r\u00e9ussir dans le <strong>troc de comp\u00e9tences<\/strong>, d\u00e9veloppez votre r\u00e9putation :<\/p>\n\n\n\n<p><strong>Commencez petit<\/strong> : R\u00e9alisez quelques \u00e9changes simples pour obtenir vos premiers retours positifs.<\/p>\n\n\n\n<p><strong>Documentez vos succ\u00e8s<\/strong> : Demandez des recommandations \u00e0 vos partenaires d&rsquo;\u00e9change.<\/p>\n\n\n\n<p><strong>Participez activement<\/strong> : Engagez-vous dans les communaut\u00e9s li\u00e9es \u00e0 vos <strong>comp\u00e9tences num\u00e9riques<\/strong>.<\/p>\n\n\n\n<p><strong>Restez humble et professionnel<\/strong> : La qualit\u00e9 de vos \u00e9changes d\u00e9termine votre r\u00e9putation \u00e0 long terme.<\/p>\n\n\n\n<p>La valorisation de vos comp\u00e9tences est un art qui s&rsquo;apprend. Plus vous pratiquerez l&rsquo;<strong>\u00e9change de comp\u00e9tences<\/strong>, plus vous deviendrez efficace dans cette pr\u00e9sentation cruciale.<\/p>\n","protected":false},"excerpt":{"rendered":"<p>Dans le troc de comp\u00e9tences digitales, votre succ\u00e8s d\u00e9pend largement de votre capacit\u00e9 \u00e0 identifier et valoriser vos expertises. Beaucoup sous-estiment leurs comp\u00e9tences et ratent des opportunit\u00e9s d&rsquo;\u00e9change de comp\u00e9tences int\u00e9ressantes. L&rsquo;auto-\u00e9valuation : premi\u00e8re \u00e9tape cruciale Avant tout \u00e9change de comp\u00e9tences, dressez un inventaire honn\u00eate de vos capacit\u00e9s. Cette introspection doit couvrir plusieurs dimensions : [&hellip;]<\/p>\n","protected":false},"author":1,"featured_media":3392,"comment_status":"open","ping_status":"open","sticky":false,"template":"","format":"standard","meta":{"footnotes":""},"categories":[1],"tags":[],"class_list":["post-3389","post","type-post","status-publish","format-standard","has-post-thumbnail","hentry","category-non-classe"],"yoast_head":"<!-- This site is optimized with the Yoast SEO plugin v25.1 - https:\/\/yoast.com\/wordpress\/plugins\/seo\/ -->\n<title>Valoriser ses comp\u00e9tences dans un \u00e9change - Trocly<\/title>\n<meta name=\"robots\" content=\"index, follow, max-snippet:-1, max-image-preview:large, max-video-preview:-1\" \/>\n<link rel=\"canonical\" href=\"https:\/\/mmbengue.ecv-monsite.fr\/trocly1\/2025\/05\/27\/valoriser-ses-competences-dans-un-echange\/\" \/>\n<meta property=\"og:locale\" content=\"fr_FR\" \/>\n<meta property=\"og:type\" content=\"article\" \/>\n<meta property=\"og:title\" content=\"Valoriser ses comp\u00e9tences dans un \u00e9change - Trocly\" \/>\n<meta property=\"og:description\" content=\"Dans le troc de comp\u00e9tences digitales, votre succ\u00e8s d\u00e9pend largement de votre capacit\u00e9 \u00e0 identifier et valoriser vos expertises. Beaucoup sous-estiment leurs comp\u00e9tences et ratent des opportunit\u00e9s d&rsquo;\u00e9change de comp\u00e9tences int\u00e9ressantes. L&rsquo;auto-\u00e9valuation : premi\u00e8re \u00e9tape cruciale Avant tout \u00e9change de comp\u00e9tences, dressez un inventaire honn\u00eate de vos capacit\u00e9s. Cette introspection doit couvrir plusieurs dimensions : [&hellip;]\" \/>\n<meta property=\"og:url\" content=\"https:\/\/mmbengue.ecv-monsite.fr\/trocly1\/2025\/05\/27\/valoriser-ses-competences-dans-un-echange\/\" \/>\n<meta property=\"og:site_name\" content=\"Trocly\" \/>\n<meta property=\"article:published_time\" content=\"2025-05-27T11:04:37+00:00\" \/>\n<meta property=\"article:modified_time\" content=\"2025-05-27T11:12:35+00:00\" \/>\n<meta property=\"og:image\" content=\"https:\/\/mmbengue.ecv-monsite.fr\/trocly1\/wp-content\/uploads\/2025\/05\/ai-generated-9586969_1280.jpg\" \/>\n\t<meta property=\"og:image:width\" content=\"1280\" \/>\n\t<meta property=\"og:image:height\" content=\"853\" \/>\n\t<meta property=\"og:image:type\" content=\"image\/jpeg\" \/>\n<meta name=\"author\" content=\"Momar Mbengue\" \/>\n<meta name=\"twitter:card\" content=\"summary_large_image\" \/>\n<meta name=\"twitter:label1\" content=\"\u00c9crit par\" \/>\n\t<meta name=\"twitter:data1\" content=\"Momar Mbengue\" \/>\n\t<meta name=\"twitter:label2\" content=\"Dur\u00e9e de lecture estim\u00e9e\" \/>\n\t<meta name=\"twitter:data2\" content=\"4 minutes\" \/>\n<script type=\"application\/ld+json\" class=\"yoast-schema-graph\">{\"@context\":\"https:\/\/schema.org\",\"@graph\":[{\"@type\":\"Article\",\"@id\":\"https:\/\/mmbengue.ecv-monsite.fr\/trocly1\/2025\/05\/27\/valoriser-ses-competences-dans-un-echange\/#article\",\"isPartOf\":{\"@id\":\"https:\/\/mmbengue.ecv-monsite.fr\/trocly1\/2025\/05\/27\/valoriser-ses-competences-dans-un-echange\/\"},\"author\":{\"name\":\"Momar Mbengue\",\"@id\":\"https:\/\/mmbengue.ecv-monsite.fr\/trocly1\/#\/schema\/person\/771cdf8fd3496121d300159d85aa5aa8\"},\"headline\":\"Valoriser ses comp\u00e9tences dans un \u00e9change\",\"datePublished\":\"2025-05-27T11:04:37+00:00\",\"dateModified\":\"2025-05-27T11:12:35+00:00\",\"mainEntityOfPage\":{\"@id\":\"https:\/\/mmbengue.ecv-monsite.fr\/trocly1\/2025\/05\/27\/valoriser-ses-competences-dans-un-echange\/\"},\"wordCount\":819,\"commentCount\":0,\"publisher\":{\"@id\":\"https:\/\/mmbengue.ecv-monsite.fr\/trocly1\/#organization\"},\"image\":{\"@id\":\"https:\/\/mmbengue.ecv-monsite.fr\/trocly1\/2025\/05\/27\/valoriser-ses-competences-dans-un-echange\/#primaryimage\"},\"thumbnailUrl\":\"https:\/\/mmbengue.ecv-monsite.fr\/trocly1\/wp-content\/uploads\/2025\/05\/ai-generated-9586969_1280.jpg\",\"inLanguage\":\"fr-FR\",\"potentialAction\":[{\"@type\":\"CommentAction\",\"name\":\"Comment\",\"target\":[\"https:\/\/mmbengue.ecv-monsite.fr\/trocly1\/2025\/05\/27\/valoriser-ses-competences-dans-un-echange\/#respond\"]}]},{\"@type\":\"WebPage\",\"@id\":\"https:\/\/mmbengue.ecv-monsite.fr\/trocly1\/2025\/05\/27\/valoriser-ses-competences-dans-un-echange\/\",\"url\":\"https:\/\/mmbengue.ecv-monsite.fr\/trocly1\/2025\/05\/27\/valoriser-ses-competences-dans-un-echange\/\",\"name\":\"Valoriser ses comp\u00e9tences dans un \u00e9change - Trocly\",\"isPartOf\":{\"@id\":\"https:\/\/mmbengue.ecv-monsite.fr\/trocly1\/#website\"},\"primaryImageOfPage\":{\"@id\":\"https:\/\/mmbengue.ecv-monsite.fr\/trocly1\/2025\/05\/27\/valoriser-ses-competences-dans-un-echange\/#primaryimage\"},\"image\":{\"@id\":\"https:\/\/mmbengue.ecv-monsite.fr\/trocly1\/2025\/05\/27\/valoriser-ses-competences-dans-un-echange\/#primaryimage\"},\"thumbnailUrl\":\"https:\/\/mmbengue.ecv-monsite.fr\/trocly1\/wp-content\/uploads\/2025\/05\/ai-generated-9586969_1280.jpg\",\"datePublished\":\"2025-05-27T11:04:37+00:00\",\"dateModified\":\"2025-05-27T11:12:35+00:00\",\"breadcrumb\":{\"@id\":\"https:\/\/mmbengue.ecv-monsite.fr\/trocly1\/2025\/05\/27\/valoriser-ses-competences-dans-un-echange\/#breadcrumb\"},\"inLanguage\":\"fr-FR\",\"potentialAction\":[{\"@type\":\"ReadAction\",\"target\":[\"https:\/\/mmbengue.ecv-monsite.fr\/trocly1\/2025\/05\/27\/valoriser-ses-competences-dans-un-echange\/\"]}]},{\"@type\":\"ImageObject\",\"inLanguage\":\"fr-FR\",\"@id\":\"https:\/\/mmbengue.ecv-monsite.fr\/trocly1\/2025\/05\/27\/valoriser-ses-competences-dans-un-echange\/#primaryimage\",\"url\":\"https:\/\/mmbengue.ecv-monsite.fr\/trocly1\/wp-content\/uploads\/2025\/05\/ai-generated-9586969_1280.jpg\",\"contentUrl\":\"https:\/\/mmbengue.ecv-monsite.fr\/trocly1\/wp-content\/uploads\/2025\/05\/ai-generated-9586969_1280.jpg\",\"width\":1280,\"height\":853,\"caption\":\"Image d'illustration Corporate\"},{\"@type\":\"BreadcrumbList\",\"@id\":\"https:\/\/mmbengue.ecv-monsite.fr\/trocly1\/2025\/05\/27\/valoriser-ses-competences-dans-un-echange\/#breadcrumb\",\"itemListElement\":[{\"@type\":\"ListItem\",\"position\":1,\"name\":\"Accueil\",\"item\":\"https:\/\/mmbengue.ecv-monsite.fr\/trocly1\/\"},{\"@type\":\"ListItem\",\"position\":2,\"name\":\"Valoriser ses comp\u00e9tences dans un \u00e9change\"}]},{\"@type\":\"WebSite\",\"@id\":\"https:\/\/mmbengue.ecv-monsite.fr\/trocly1\/#website\",\"url\":\"https:\/\/mmbengue.ecv-monsite.fr\/trocly1\/\",\"name\":\"Trocly\",\"description\":\"Troquez  vos comp\u00e9tences, Concr\u00e9tisez  vos projets digitaux\",\"publisher\":{\"@id\":\"https:\/\/mmbengue.ecv-monsite.fr\/trocly1\/#organization\"},\"potentialAction\":[{\"@type\":\"SearchAction\",\"target\":{\"@type\":\"EntryPoint\",\"urlTemplate\":\"https:\/\/mmbengue.ecv-monsite.fr\/trocly1\/?s={search_term_string}\"},\"query-input\":{\"@type\":\"PropertyValueSpecification\",\"valueRequired\":true,\"valueName\":\"search_term_string\"}}],\"inLanguage\":\"fr-FR\"},{\"@type\":\"Organization\",\"@id\":\"https:\/\/mmbengue.ecv-monsite.fr\/trocly1\/#organization\",\"name\":\"Trocly\",\"url\":\"https:\/\/mmbengue.ecv-monsite.fr\/trocly1\/\",\"logo\":{\"@type\":\"ImageObject\",\"inLanguage\":\"fr-FR\",\"@id\":\"https:\/\/mmbengue.ecv-monsite.fr\/trocly1\/#\/schema\/logo\/image\/\",\"url\":\"https:\/\/mmbengue.ecv-monsite.fr\/trocly1\/wp-content\/uploads\/2025\/05\/logo-1-150x40-3.png\",\"contentUrl\":\"https:\/\/mmbengue.ecv-monsite.fr\/trocly1\/wp-content\/uploads\/2025\/05\/logo-1-150x40-3.png\",\"width\":116,\"height\":40,\"caption\":\"Trocly\"},\"image\":{\"@id\":\"https:\/\/mmbengue.ecv-monsite.fr\/trocly1\/#\/schema\/logo\/image\/\"}},{\"@type\":\"Person\",\"@id\":\"https:\/\/mmbengue.ecv-monsite.fr\/trocly1\/#\/schema\/person\/771cdf8fd3496121d300159d85aa5aa8\",\"name\":\"Momar Mbengue\",\"image\":{\"@type\":\"ImageObject\",\"inLanguage\":\"fr-FR\",\"@id\":\"https:\/\/mmbengue.ecv-monsite.fr\/trocly1\/#\/schema\/person\/image\/\",\"url\":\"https:\/\/secure.gravatar.com\/avatar\/e18a720706ce6fdf1431ebb2cd0df397?s=96&d=mm&r=g\",\"contentUrl\":\"https:\/\/secure.gravatar.com\/avatar\/e18a720706ce6fdf1431ebb2cd0df397?s=96&d=mm&r=g\",\"caption\":\"Momar Mbengue\"},\"description\":\"Lorem Lorem Lorem Lorem Lorem Lorem Lorem Lorem Lorem Lorem Lorem Lorem Lorem\",\"sameAs\":[\"https:\/\/mmbengue.ecv-monsite.fr\/trocly1\"],\"url\":\"https:\/\/mmbengue.ecv-monsite.fr\/trocly1\/author\/troclymomar\/\"}]}<\/script>\n<!-- \/ Yoast SEO plugin. -->","yoast_head_json":{"title":"Valoriser ses comp\u00e9tences dans un \u00e9change - Trocly","robots":{"index":"index","follow":"follow","max-snippet":"max-snippet:-1","max-image-preview":"max-image-preview:large","max-video-preview":"max-video-preview:-1"},"canonical":"https:\/\/mmbengue.ecv-monsite.fr\/trocly1\/2025\/05\/27\/valoriser-ses-competences-dans-un-echange\/","og_locale":"fr_FR","og_type":"article","og_title":"Valoriser ses comp\u00e9tences dans un \u00e9change - Trocly","og_description":"Dans le troc de comp\u00e9tences digitales, votre succ\u00e8s d\u00e9pend largement de votre capacit\u00e9 \u00e0 identifier et valoriser vos expertises. Beaucoup sous-estiment leurs comp\u00e9tences et ratent des opportunit\u00e9s d&rsquo;\u00e9change de comp\u00e9tences int\u00e9ressantes. L&rsquo;auto-\u00e9valuation : premi\u00e8re \u00e9tape cruciale Avant tout \u00e9change de comp\u00e9tences, dressez un inventaire honn\u00eate de vos capacit\u00e9s. Cette introspection doit couvrir plusieurs dimensions : [&hellip;]","og_url":"https:\/\/mmbengue.ecv-monsite.fr\/trocly1\/2025\/05\/27\/valoriser-ses-competences-dans-un-echange\/","og_site_name":"Trocly","article_published_time":"2025-05-27T11:04:37+00:00","article_modified_time":"2025-05-27T11:12:35+00:00","og_image":[{"width":1280,"height":853,"url":"https:\/\/mmbengue.ecv-monsite.fr\/trocly1\/wp-content\/uploads\/2025\/05\/ai-generated-9586969_1280.jpg","type":"image\/jpeg"}],"author":"Momar Mbengue","twitter_card":"summary_large_image","twitter_misc":{"\u00c9crit par":"Momar Mbengue","Dur\u00e9e de lecture estim\u00e9e":"4 minutes"},"schema":{"@context":"https:\/\/schema.org","@graph":[{"@type":"Article","@id":"https:\/\/mmbengue.ecv-monsite.fr\/trocly1\/2025\/05\/27\/valoriser-ses-competences-dans-un-echange\/#article","isPartOf":{"@id":"https:\/\/mmbengue.ecv-monsite.fr\/trocly1\/2025\/05\/27\/valoriser-ses-competences-dans-un-echange\/"},"author":{"name":"Momar Mbengue","@id":"https:\/\/mmbengue.ecv-monsite.fr\/trocly1\/#\/schema\/person\/771cdf8fd3496121d300159d85aa5aa8"},"headline":"Valoriser ses comp\u00e9tences dans un \u00e9change","datePublished":"2025-05-27T11:04:37+00:00","dateModified":"2025-05-27T11:12:35+00:00","mainEntityOfPage":{"@id":"https:\/\/mmbengue.ecv-monsite.fr\/trocly1\/2025\/05\/27\/valoriser-ses-competences-dans-un-echange\/"},"wordCount":819,"commentCount":0,"publisher":{"@id":"https:\/\/mmbengue.ecv-monsite.fr\/trocly1\/#organization"},"image":{"@id":"https:\/\/mmbengue.ecv-monsite.fr\/trocly1\/2025\/05\/27\/valoriser-ses-competences-dans-un-echange\/#primaryimage"},"thumbnailUrl":"https:\/\/mmbengue.ecv-monsite.fr\/trocly1\/wp-content\/uploads\/2025\/05\/ai-generated-9586969_1280.jpg","inLanguage":"fr-FR","potentialAction":[{"@type":"CommentAction","name":"Comment","target":["https:\/\/mmbengue.ecv-monsite.fr\/trocly1\/2025\/05\/27\/valoriser-ses-competences-dans-un-echange\/#respond"]}]},{"@type":"WebPage","@id":"https:\/\/mmbengue.ecv-monsite.fr\/trocly1\/2025\/05\/27\/valoriser-ses-competences-dans-un-echange\/","url":"https:\/\/mmbengue.ecv-monsite.fr\/trocly1\/2025\/05\/27\/valoriser-ses-competences-dans-un-echange\/","name":"Valoriser ses comp\u00e9tences dans un \u00e9change - Trocly","isPartOf":{"@id":"https:\/\/mmbengue.ecv-monsite.fr\/trocly1\/#website"},"primaryImageOfPage":{"@id":"https:\/\/mmbengue.ecv-monsite.fr\/trocly1\/2025\/05\/27\/valoriser-ses-competences-dans-un-echange\/#primaryimage"},"image":{"@id":"https:\/\/mmbengue.ecv-monsite.fr\/trocly1\/2025\/05\/27\/valoriser-ses-competences-dans-un-echange\/#primaryimage"},"thumbnailUrl":"https:\/\/mmbengue.ecv-monsite.fr\/trocly1\/wp-content\/uploads\/2025\/05\/ai-generated-9586969_1280.jpg","datePublished":"2025-05-27T11:04:37+00:00","dateModified":"2025-05-27T11:12:35+00:00","breadcrumb":{"@id":"https:\/\/mmbengue.ecv-monsite.fr\/trocly1\/2025\/05\/27\/valoriser-ses-competences-dans-un-echange\/#breadcrumb"},"inLanguage":"fr-FR","potentialAction":[{"@type":"ReadAction","target":["https:\/\/mmbengue.ecv-monsite.fr\/trocly1\/2025\/05\/27\/valoriser-ses-competences-dans-un-echange\/"]}]},{"@type":"ImageObject","inLanguage":"fr-FR","@id":"https:\/\/mmbengue.ecv-monsite.fr\/trocly1\/2025\/05\/27\/valoriser-ses-competences-dans-un-echange\/#primaryimage","url":"https:\/\/mmbengue.ecv-monsite.fr\/trocly1\/wp-content\/uploads\/2025\/05\/ai-generated-9586969_1280.jpg","contentUrl":"https:\/\/mmbengue.ecv-monsite.fr\/trocly1\/wp-content\/uploads\/2025\/05\/ai-generated-9586969_1280.jpg","width":1280,"height":853,"caption":"Image d'illustration Corporate"},{"@type":"BreadcrumbList","@id":"https:\/\/mmbengue.ecv-monsite.fr\/trocly1\/2025\/05\/27\/valoriser-ses-competences-dans-un-echange\/#breadcrumb","itemListElement":[{"@type":"ListItem","position":1,"name":"Accueil","item":"https:\/\/mmbengue.ecv-monsite.fr\/trocly1\/"},{"@type":"ListItem","position":2,"name":"Valoriser ses comp\u00e9tences dans un \u00e9change"}]},{"@type":"WebSite","@id":"https:\/\/mmbengue.ecv-monsite.fr\/trocly1\/#website","url":"https:\/\/mmbengue.ecv-monsite.fr\/trocly1\/","name":"Trocly","description":"Troquez  vos comp\u00e9tences, Concr\u00e9tisez  vos projets digitaux","publisher":{"@id":"https:\/\/mmbengue.ecv-monsite.fr\/trocly1\/#organization"},"potentialAction":[{"@type":"SearchAction","target":{"@type":"EntryPoint","urlTemplate":"https:\/\/mmbengue.ecv-monsite.fr\/trocly1\/?s={search_term_string}"},"query-input":{"@type":"PropertyValueSpecification","valueRequired":true,"valueName":"search_term_string"}}],"inLanguage":"fr-FR"},{"@type":"Organization","@id":"https:\/\/mmbengue.ecv-monsite.fr\/trocly1\/#organization","name":"Trocly","url":"https:\/\/mmbengue.ecv-monsite.fr\/trocly1\/","logo":{"@type":"ImageObject","inLanguage":"fr-FR","@id":"https:\/\/mmbengue.ecv-monsite.fr\/trocly1\/#\/schema\/logo\/image\/","url":"https:\/\/mmbengue.ecv-monsite.fr\/trocly1\/wp-content\/uploads\/2025\/05\/logo-1-150x40-3.png","contentUrl":"https:\/\/mmbengue.ecv-monsite.fr\/trocly1\/wp-content\/uploads\/2025\/05\/logo-1-150x40-3.png","width":116,"height":40,"caption":"Trocly"},"image":{"@id":"https:\/\/mmbengue.ecv-monsite.fr\/trocly1\/#\/schema\/logo\/image\/"}},{"@type":"Person","@id":"https:\/\/mmbengue.ecv-monsite.fr\/trocly1\/#\/schema\/person\/771cdf8fd3496121d300159d85aa5aa8","name":"Momar Mbengue","image":{"@type":"ImageObject","inLanguage":"fr-FR","@id":"https:\/\/mmbengue.ecv-monsite.fr\/trocly1\/#\/schema\/person\/image\/","url":"https:\/\/secure.gravatar.com\/avatar\/e18a720706ce6fdf1431ebb2cd0df397?s=96&d=mm&r=g","contentUrl":"https:\/\/secure.gravatar.com\/avatar\/e18a720706ce6fdf1431ebb2cd0df397?s=96&d=mm&r=g","caption":"Momar Mbengue"},"description":"Lorem Lorem Lorem Lorem Lorem Lorem Lorem Lorem Lorem Lorem Lorem Lorem Lorem","sameAs":["https:\/\/mmbengue.ecv-monsite.fr\/trocly1"],"url":"https:\/\/mmbengue.ecv-monsite.fr\/trocly1\/author\/troclymomar\/"}]}},"_links":{"self":[{"href":"https:\/\/mmbengue.ecv-monsite.fr\/trocly1\/wp-json\/wp\/v2\/posts\/3389","targetHints":{"allow":["GET"]}}],"collection":[{"href":"https:\/\/mmbengue.ecv-monsite.fr\/trocly1\/wp-json\/wp\/v2\/posts"}],"about":[{"href":"https:\/\/mmbengue.ecv-monsite.fr\/trocly1\/wp-json\/wp\/v2\/types\/post"}],"author":[{"embeddable":true,"href":"https:\/\/mmbengue.ecv-monsite.fr\/trocly1\/wp-json\/wp\/v2\/users\/1"}],"replies":[{"embeddable":true,"href":"https:\/\/mmbengue.ecv-monsite.fr\/trocly1\/wp-json\/wp\/v2\/comments?post=3389"}],"version-history":[{"count":1,"href":"https:\/\/mmbengue.ecv-monsite.fr\/trocly1\/wp-json\/wp\/v2\/posts\/3389\/revisions"}],"predecessor-version":[{"id":3391,"href":"https:\/\/mmbengue.ecv-monsite.fr\/trocly1\/wp-json\/wp\/v2\/posts\/3389\/revisions\/3391"}],"wp:featuredmedia":[{"embeddable":true,"href":"https:\/\/mmbengue.ecv-monsite.fr\/trocly1\/wp-json\/wp\/v2\/media\/3392"}],"wp:attachment":[{"href":"https:\/\/mmbengue.ecv-monsite.fr\/trocly1\/wp-json\/wp\/v2\/media?parent=3389"}],"wp:term":[{"taxonomy":"category","embeddable":true,"href":"https:\/\/mmbengue.ecv-monsite.fr\/trocly1\/wp-json\/wp\/v2\/categories?post=3389"},{"taxonomy":"post_tag","embeddable":true,"href":"https:\/\/mmbengue.ecv-monsite.fr\/trocly1\/wp-json\/wp\/v2\/tags?post=3389"}],"curies":[{"name":"wp","href":"https:\/\/api.w.org\/{rel}","templated":true}]}}